{"id":6630,"date":"2026-01-06T09:12:32","date_gmt":"2026-01-06T09:12:32","guid":{"rendered":"https:\/\/porecje-sore.si\/?p=6630"},"modified":"2026-01-21T09:56:34","modified_gmt":"2026-01-21T09:56:34","slug":"sutrasnjica-kroz-prizmu-aktuelnih-dogadaja-i-neba","status":"publish","type":"post","link":"https:\/\/porecje-sore.si\/sr\/sutrasnjica-kroz-prizmu-aktuelnih-dogadaja-i-neba\/","title":{"rendered":"Sutra\u0161njica kroz prizmu aktuelnih doga\u0111aja i neba"},"content":{"rendered":"<p>Sutra\u0161njica kroz prizmu aktuelnih doga\u0111aja i neba predstavlja slo\u017een mozaik koji oblikuju dru\u0161tvene, politi\u010dke, ekonomske i klimatske okolnosti. Ovaj pristup analizi budu\u0107ih trendova postaje sve va\u017eniji u vremenu brzih promena i nepredvidivosti. Razumevanje sveta oko nas zahteva pa\u017eljivo pra\u0107enje aktuelnih de\u0161avanja i promena u okru\u017eenju.<\/p>\n<p>&nbsp;<\/p>\n<h2><span class=\"ez-toc-section\" id=\"Uticaj_medijskog_pracenja_na_percepciju_buducnosti\"><\/span>Uticaj medijskog pra\u0107enja na percepciju budu\u0107nosti<span class=\"ez-toc-section-end\"><\/span><\/h2>\n<p>\u017divimo u dobu konstantne informisanosti. <a href=\"https:\/\/n1info.rs\/najnovije\/\" target=\"_blank\" rel=\"noopener\">Najva\u017enije vesti<\/a> sti\u017eu do nas trenutno, oblikuju\u0107i na\u0161e razumevanje sveta i stvaraju\u0107i odre\u0111ena o\u010dekivanja o budu\u0107nosti. Me\u0111utim, na\u010din na koji mediji prikazuju informacije zna\u010dajno uti\u010de na na\u0161e poimanje stvarnosti.<\/p>\n<p>Istra\u017eivanja pokazuju da kontinuirana izlo\u017eenost negativnim vestima mo\u017ee stvoriti iskrivljenu sliku sveta. Prema podacima Univerziteta u Kembrid\u017eu, 67% globalnih medijskih sadr\u017eaja nagla\u0161ava probleme, krize i katastrofe, dok se pozitivnim ishodima i napretku posve\u0107uje tek 21% medijskog prostora.<\/p>\n<p>Kako biste pravilno sagledali sutra\u0161njicu kroz prizmu aktuelnih doga\u0111aja i neba, neophodno je razviti kriti\u010dki pristup medijskim sadr\u017eajima. To podrazumeva kori\u0161\u0107enje raznovrsnih, pouzdanih izvora informacija i razumevanje \u0161ireg konteksta vesti koje konzumirate.<\/p>\n<p>Mo\u017eete li prepoznati pristrasnost u vestima koje pratite? Ovo pitanje postaje klju\u010dno za razvijanje uravnote\u017eenog pogleda na budu\u0107nost.<\/p>\n<p>&nbsp;<\/p>\n<h2><span class=\"ez-toc-section\" id=\"Klimatske_promene_kao_kljucni_faktor_buducnosti\"><\/span>Klimatske promene kao klju\u010dni faktor budu\u0107nosti<span class=\"ez-toc-section-end\"><\/span><\/h2>\n<p>Vremenska prognoza vi\u0161e nije samo pitanje svakodnevne prakti\u010dnosti \u2013 postala je prozor u kompleksne klimatske promene koje oblikuju na\u0161u budu\u0107nost. Klimatolozi danas mogu predvideti dugoro\u010dne trendove koji \u0107e definisati \u017eivotne uslove narednih decenija.<\/p>\n<p>Prema podacima Svetske meteorolo\u0161ke organizacije, prose\u010dne globalne temperature porasle su za 1.1\u00b0C u odnosu na predindustrijski period. Ovaj naizgled mali porast pokrenuo je lan\u010danu reakciju koja se manifestuje kroz sve \u010de\u0161\u0107e ekstremne vremenske uslove \u2013 od su\u0161a i poplava do oluja i toplotnih talasa.<\/p>\n<p>Uticaj vremenske prognoze na ekonomiju postaje sve zna\u010dajniji. Poljoprivrednici prilago\u0111avaju svoje prakse klimatskim promenama, energetski sektor mora planirati kapacitete u skladu sa o\u010dekivanim vremenskim uslovima, a transportna i logisti\u010dka industrija suo\u010davaju se sa novim izazovima.<\/p>\n<p>Va\u0161a sposobnost da interpretirate dugoro\u010dne klimatske trendove postaje va\u017ena ve\u0161tina u planiranju budu\u0107nosti. Sutra\u0161njica kroz prizmu aktuelnih doga\u0111aja i neba zahteva razumevanje klimatskih obrazaca koji \u0107e oblikovati \u017eivot na na\u0161oj planeti.<\/p>\n<figure id=\"attachment_6654\" aria-describedby=\"caption-attachment-6654\" style=\"width: 1600px\" class=\"wp-caption aligncenter\"><img loading=\"lazy\" decoding=\"async\" class=\"size-full wp-image-6654\" src=\"https:\/\/porecje-sore.si\/wp-content\/uploads\/2026\/01\/6053.jpg\" alt=\"najva\u017enije vesti\" width=\"1600\" height=\"1067\" srcset=\"https:\/\/porecje-sore.si\/wp-content\/uploads\/2026\/01\/6053.jpg 1600w, https:\/\/porecje-sore.si\/wp-content\/uploads\/2026\/01\/6053-300x200.jpg 300w, https:\/\/porecje-sore.si\/wp-content\/uploads\/2026\/01\/6053-1024x683.jpg 1024w, https:\/\/porecje-sore.si\/wp-content\/uploads\/2026\/01\/6053-768x512.jpg 768w, https:\/\/porecje-sore.si\/wp-content\/uploads\/2026\/01\/6053-1536x1024.jpg 1536w\" sizes=\"auto, (max-width: 1600px) 100vw, 1600px\" \/><figcaption id=\"caption-attachment-6654\" class=\"wp-caption-text\">Photo by Karola G<\/figcaption><\/figure>\n<h2><span class=\"ez-toc-section\" id=\"Tehnoloski_razvoj_i_drustvene_promene\"><\/span>Tehnolo\u0161ki razvoj i dru\u0161tvene promene<span class=\"ez-toc-section-end\"><\/span><\/h2>\n<p>Brzina tehnolo\u0161kog razvoja redefini\u0161e na\u0161e shvatanje mogu\u0107eg. Ve\u0161ta\u010dka inteligencija, robotika, obnovljivi izvori energije i napredak u medicini stvaraju potencijal za radikalno druga\u010diju budu\u0107nost.<\/p>\n<p>Prema istra\u017eivanju MIT <span class=\"ng-star-inserted\">Teknolod\u017ei rivju<\/span>, brzina usvajanja novih tehnologija ubrzala se za 300% u poslednje dve decenije. Ono \u0161to je nekada zahtevalo generaciju da postane deo svakodnevnog \u017eivota, danas se integri\u0161e u dru\u0161tvo za svega nekoliko godina.<\/p>\n<p>Najva\u017enije vesti iz tehnolo\u0161kog sektora \u010desto najavljuju promene koje \u0107e uticati na tr\u017ei\u0161te rada, zdravstvene sisteme, obrazovanje i li\u010dne slobode. Razumevanje ovih trendova omogu\u0107ava vam da se pripremite za promene koje dolaze.<\/p>\n<p>Kako aktuelni doga\u0111aji u tehnolo\u0161kom sektoru oblikuju va\u0161e profesionalne i li\u010dne izbore? Ova perspektiva poma\u017ee vam da aktivno u\u010destvujete u kreiranju vlastite budu\u0107nosti umesto da pasivno reagujete na promene.<\/p>\n<p>&nbsp;<\/p>\n<h2><span class=\"ez-toc-section\" id=\"Geopoliticki_faktori_i_ekonomska_stabilnost\"><\/span>Geopoliti\u010dki faktori i ekonomska stabilnost<span class=\"ez-toc-section-end\"><\/span><\/h2>\n<p>Globalna politi\u010dka de\u0161avanja imaju direktan uticaj na ekonomsku stabilnost i kvalitet <a href=\"https:\/\/porecje-sore.si\/sr\/kako-pametno-upravljati-kucnim-budzetom-iz-meseca-u-mesec\/\">\u017eivota<\/a>. Trgovinski sporazumi, me\u0111unarodni sukobi, izbori i promene u ravnote\u017ei mo\u0107i izme\u0111u vode\u0107ih ekonomija stvaraju talase koji se ose\u0107aju \u0161irom sveta.<\/p>\n<p>Ekonomski analiti\u010dari s posebnom pa\u017enjom prate indikatore poput inflacije, nezaposlenosti, kamatnih stopa i kretanja na berzama. Ovi pokazatelji funkcioni\u0161u kao svojevrsna vremenska prognoza ekonomskih uslova koji vas o\u010dekuju.<\/p>\n<p>Prema podacima Svetske banke, ekonomske krize postaju u\u010destalije ali kra\u0107eg trajanja. Zemlje sa diversifikovanom ekonomijom i jakim institucijama pokazuju ve\u0107u otpornost na globalne poreme\u0107aje.<\/p>\n<p>Sutra\u0161njica kroz prizmu aktuelnih doga\u0111aja i neba u ekonomskom kontekstu zna\u010di razumevanje globalnih ekonomskih ciklusa i prepoznavanje signala promene pre nego \u0161to postanu o\u010digledni.<\/p>\n<figure class=\"wp-block-image size-medium_large aligncenter\">\n<p><figure id=\"attachment_6661\" aria-describedby=\"caption-attachment-6661\" style=\"width: 1600px\" class=\"wp-caption aligncenter\"><img loading=\"lazy\" decoding=\"async\" class=\"size-full wp-image-6661\" src=\"https:\/\/porecje-sore.si\/wp-content\/uploads\/2026\/01\/15755783.jpeg\" alt=\"vremenska prognoza\" width=\"1600\" height=\"1068\" srcset=\"https:\/\/porecje-sore.si\/wp-content\/uploads\/2026\/01\/15755783.jpeg 1600w, https:\/\/porecje-sore.si\/wp-content\/uploads\/2026\/01\/15755783-300x200.jpeg 300w, https:\/\/porecje-sore.si\/wp-content\/uploads\/2026\/01\/15755783-1024x684.jpeg 1024w, https:\/\/porecje-sore.si\/wp-content\/uploads\/2026\/01\/15755783-768x513.jpeg 768w, https:\/\/porecje-sore.si\/wp-content\/uploads\/2026\/01\/15755783-1536x1025.jpeg 1536w\" sizes=\"auto, (max-width: 1600px) 100vw, 1600px\" \/><figcaption id=\"caption-attachment-6661\" class=\"wp-caption-text\">Photo by Richard Pan<\/figcaption><\/figure><figcaption class=\"image-attribution\"><\/figcaption><\/figure>\n<h2><span class=\"ez-toc-section\" id=\"Pristup_licnom_planiranju_u_nesigurnim_vremenima\"><\/span>Pristup li\u010dnom planiranju u nesigurnim vremenima<span class=\"ez-toc-section-end\"><\/span><\/h2>\n<p>Kako kombinovati sve ove faktore u vlastito planiranje budu\u0107nosti? Efektivna strategija podrazumeva balansiranje izme\u0111u informisanosti o globalnim trendovima i fokusa na faktore koje mo\u017eete kontrolisati.<\/p>\n<p>Finansijski stru\u010dnjaci preporu\u010duju diversifikaciju resursa kao klju\u010dnu strategiju za nestabilna vremena. Ovo se odnosi ne samo na finansijske investicije ve\u0107 i na razvijanje razli\u010ditih ve\u0161tina, izgradnju sna\u017enih dru\u0161tvenih mre\u017ea i odr\u017eavanje fizi\u010dkog i mentalnog zdravlja.<\/p>\n<p>Najva\u017enije vesti treba posmatrati kroz filter njihovog dugoro\u010dnog zna\u010daja. Pitanje koje treba postaviti nije samo &#8222;\u0160ta se doga\u0111a?&#8220;, ve\u0107 &#8222;Kakve implikacije ovo ima za budu\u0107nost?&#8220;<\/p>\n<p><a href=\"https:\/\/n1info.rs\/tag\/vremenska-prognoza\/\" target=\"_blank\" rel=\"noopener\">Vremenska prognoza<\/a> slu\u017ei kao metafora za na\u0161 odnos prema budu\u0107nosti \u2013 mo\u017eemo je predvideti sa odre\u0111enom verovatno\u0107om, ali moramo biti spremni i na neo\u010dekivane promene. Fleksibilnost i prilagodljivost postaju klju\u010dne ve\u0161tine za navigaciju kroz kompleksnost savremenog \u017eivota.<\/p>\n<p>&nbsp;<\/p>\n<h2><span class=\"ez-toc-section\" id=\"Balansiranje_izmedju_informisanosti_i_mentalnog_zdravlja\"><\/span>Balansiranje izme\u0111u informisanosti i mentalnog zdravlja<span class=\"ez-toc-section-end\"><\/span><\/h2>\n<p>Konstantna izlo\u017eenost vestima i informacijama o globalnim krizama mo\u017ee negativno uticati na mentalno zdravlje. Anksioznost zbog budu\u0107nosti postaje sve \u010de\u0161\u0107i problem u savremenom dru\u0161tvu.<\/p>\n<p>Psiholozi preporu\u010duju uspostavljanje zdrave ravnote\u017ee \u2013 biti dovoljno informisan da mo\u017eete donositi kvalitetne odluke, ali ne dozvoliti da vas preplavi negativnost. Odre\u0111ivanje specifi\u010dnih perioda za konzumiranje vesti, fokusiranje na akcije koje mo\u017eete preduzeti i odr\u017eavanje perspektive o istorijskom kontekstu aktuelnih doga\u0111aja poma\u017eu u odr\u017eavanju ove ravnote\u017ee.<\/p>\n<p>Va\u0161a sutra\u0161njica oblikovana je ne samo spolja\u0161njim okolnostima ve\u0107 i va\u0161im mentalnim stavom prema njima. Ova unutra\u0161nja perspektiva \u010desto ima ve\u0107i uticaj na kvalitet \u017eivota nego sami doga\u0111aji.<\/p>\n<p>Tuma\u010denje aktuelnih doga\u0111aja i razumevanje njihovih implikacija za budu\u0107nost predstavlja ve\u0161tinu koja se razvija kroz vreme. Sutra\u0161njica kroz prizmu aktuelnih doga\u0111aja i neba nije odre\u0111ena sudbina, ve\u0107 prostor mogu\u0107nosti koji mo\u017eete aktivno oblikovati svojim izborima i pripremama danas.<\/p>\n<div id=\"ez-toc-container\" class=\"ez-toc-v2_0_82_2 counter-hierarchy ez-toc-counter ez-toc-grey ez-toc-container-direction\">\n<div class=\"ez-toc-title-container\">\n<p class=\"ez-toc-title\" style=\"cursor:inherit\">Kazalo vsebine<\/p>\n<span class=\"ez-toc-title-toggle\"><a href=\"#\" class=\"ez-toc-pull-right ez-toc-btn ez-toc-btn-xs ez-toc-btn-default ez-toc-toggle\" aria-label=\"Toggle Table of Content\"><span class=\"ez-toc-js-icon-con\"><span class=\"\"><span class=\"eztoc-hide\" style=\"display:none;\">Toggle<\/span><span class=\"ez-toc-icon-toggle-span\"><svg style=\"fill: #999;color:#999\" xmlns=\"http:\/\/www.w3.org\/2000\/svg\" class=\"list-377408\" width=\"20px\" height=\"20px\" viewBox=\"0 0 24 24\" fill=\"none\"><path d=\"M6 6H4v2h2V6zm14 0H8v2h12V6zM4 11h2v2H4v-2zm16 0H8v2h12v-2zM4 16h2v2H4v-2zm16 0H8v2h12v-2z\" fill=\"currentColor\"><\/path><\/svg><svg style=\"fill: #999;color:#999\" class=\"arrow-unsorted-368013\" xmlns=\"http:\/\/www.w3.org\/2000\/svg\" width=\"10px\" height=\"10px\" viewBox=\"0 0 24 24\" version=\"1.2\" baseProfile=\"tiny\"><path d=\"M18.2 9.3l-6.2-6.3-6.2 6.3c-.2.2-.3.4-.3.7s.1.5.3.7c.2.2.4.3.7.3h11c.3 0 .5-.1.7-.3.2-.2.3-.5.3-.7s-.1-.5-.3-.7zM5.8 14.7l6.2 6.3 6.2-6.3c.2-.2.3-.5.3-.7s-.1-.5-.3-.7c-.2-.2-.4-.3-.7-.3h-11c-.3 0-.5.1-.7.3-.2.2-.3.5-.3.7s.1.5.3.7z\"\/><\/svg><\/span><\/span><\/span><\/a><\/span><\/div>\n<nav><ul class='ez-toc-list ez-toc-list-level-1 ' ><li class='ez-toc-page-1 ez-toc-heading-level-2'><a class=\"ez-toc-link ez-toc-heading-1\" href=\"https:\/\/porecje-sore.si\/sr\/sutrasnjica-kroz-prizmu-aktuelnih-dogadaja-i-neba\/#Uticaj_medijskog_pracenja_na_percepciju_buducnosti\" >Uticaj medijskog pra\u0107enja na percepciju budu\u0107nosti<\/a><\/li><li class='ez-toc-page-1 ez-toc-heading-level-2'><a class=\"ez-toc-link ez-toc-heading-2\" href=\"https:\/\/porecje-sore.si\/sr\/sutrasnjica-kroz-prizmu-aktuelnih-dogadaja-i-neba\/#Klimatske_promene_kao_kljucni_faktor_buducnosti\" >Klimatske promene kao klju\u010dni faktor budu\u0107nosti<\/a><\/li><li class='ez-toc-page-1 ez-toc-heading-level-2'><a class=\"ez-toc-link ez-toc-heading-3\" href=\"https:\/\/porecje-sore.si\/sr\/sutrasnjica-kroz-prizmu-aktuelnih-dogadaja-i-neba\/#Tehnoloski_razvoj_i_drustvene_promene\" >Tehnolo\u0161ki razvoj i dru\u0161tvene promene<\/a><\/li><li class='ez-toc-page-1 ez-toc-heading-level-2'><a class=\"ez-toc-link ez-toc-heading-4\" href=\"https:\/\/porecje-sore.si\/sr\/sutrasnjica-kroz-prizmu-aktuelnih-dogadaja-i-neba\/#Geopoliticki_faktori_i_ekonomska_stabilnost\" >Geopoliti\u010dki faktori i ekonomska stabilnost<\/a><\/li><li class='ez-toc-page-1 ez-toc-heading-level-2'><a class=\"ez-toc-link ez-toc-heading-5\" href=\"https:\/\/porecje-sore.si\/sr\/sutrasnjica-kroz-prizmu-aktuelnih-dogadaja-i-neba\/#Pristup_licnom_planiranju_u_nesigurnim_vremenima\" >Pristup li\u010dnom planiranju u nesigurnim vremenima<\/a><\/li><li class='ez-toc-page-1 ez-toc-heading-level-2'><a class=\"ez-toc-link ez-toc-heading-6\" href=\"https:\/\/porecje-sore.si\/sr\/sutrasnjica-kroz-prizmu-aktuelnih-dogadaja-i-neba\/#Balansiranje_izmedju_informisanosti_i_mentalnog_zdravlja\" >Balansiranje izme\u0111u informisanosti i mentalnog zdravlja<\/a><\/li><\/ul><\/nav><\/div>\n","protected":false},"excerpt":{"rendered":"<p>Sutra\u0161njica kroz prizmu aktuelnih doga\u0111aja i neba predstavlja slo\u017een mozaik koji oblikuju dru\u0161tvene, politi\u010dke, ekonomske i klimatske okolnosti. Ovaj pristup<\/p>\n","protected":false},"author":2,"featured_media":6632,"comment_status":"closed","ping_status":"open","sticky":false,"template":"","format":"standard","meta":{"colormag_page_layout":"default_layout","footnotes":""},"categories":[],"tags":[365,364,240],"class_list":["post-6630","post","type-post","status-publish","format-standard","has-post-thumbnail","hentry","tag-najvaznije-vesti","tag-sutrasnjica-kroz-prizmu-aktuelnih-dogadaja-i-neba","tag-vremenska-prognoza"],"jetpack_featured_media_url":"https:\/\/porecje-sore.si\/wp-content\/uploads\/2026\/01\/sutrasnjica-kroz-prizmu-aktuel-20260121-qucp.jpg","_links":{"self":[{"href":"https:\/\/porecje-sore.si\/sr\/wp-json\/wp\/v2\/posts\/6630","targetHints":{"allow":["GET"]}}],"collection":[{"href":"https:\/\/porecje-sore.si\/sr\/wp-json\/wp\/v2\/posts"}],"about":[{"href":"https:\/\/porecje-sore.si\/sr\/wp-json\/wp\/v2\/types\/post"}],"author":[{"embeddable":true,"href":"https:\/\/porecje-sore.si\/sr\/wp-json\/wp\/v2\/users\/2"}],"replies":[{"embeddable":true,"href":"https:\/\/porecje-sore.si\/sr\/wp-json\/wp\/v2\/comments?post=6630"}],"version-history":[{"count":3,"href":"https:\/\/porecje-sore.si\/sr\/wp-json\/wp\/v2\/posts\/6630\/revisions"}],"predecessor-version":[{"id":6668,"href":"https:\/\/porecje-sore.si\/sr\/wp-json\/wp\/v2\/posts\/6630\/revisions\/6668"}],"wp:featuredmedia":[{"embeddable":true,"href":"https:\/\/porecje-sore.si\/sr\/wp-json\/wp\/v2\/media\/6632"}],"wp:attachment":[{"href":"https:\/\/porecje-sore.si\/sr\/wp-json\/wp\/v2\/media?parent=6630"}],"wp:term":[{"taxonomy":"category","embeddable":true,"href":"https:\/\/porecje-sore.si\/sr\/wp-json\/wp\/v2\/categories?post=6630"},{"taxonomy":"post_tag","embeddable":true,"href":"https:\/\/porecje-sore.si\/sr\/wp-json\/wp\/v2\/tags?post=6630"}],"curies":[{"name":"wp","href":"https:\/\/api.w.org\/{rel}","templated":true}]}}