{"id":5397,"date":"2025-11-08T12:10:04","date_gmt":"2025-11-08T12:10:04","guid":{"rendered":"https:\/\/porecje-sore.si\/?p=5397"},"modified":"2025-11-20T12:20:56","modified_gmt":"2025-11-20T12:20:56","slug":"mirisi-i-zvuci-leta-koji-nas-vracaju-u-detinjstvo","status":"publish","type":"post","link":"https:\/\/porecje-sore.si\/sr\/mirisi-i-zvuci-leta-koji-nas-vracaju-u-detinjstvo\/","title":{"rendered":"Mirisi i zvuci leta koji nas vra\u0107aju u detinjstvo"},"content":{"rendered":"<p>Kada do\u0111e leto, priroda se budi i o\u017eivljava na\u0161a \u010dula na poseban na\u010din. <strong>Mirisi i zvuci leta koji nas vra\u0107aju u detinjstvo<\/strong> nisu samo prolazni oseti, ve\u0107 dragoceni okida\u010di za uspomene koje mo\u017eda nismo ni znali da jo\u0161 uvek \u010duvamo. Na\u0161i mozgovi su fascinantno programirani da pamte ove senzorne do\u017eivljaje i povezuju ih sa emocijama i trenucima iz pro\u0161losti. \u010cesto se de\u0161ava da nas miris poko\u0161ene trave ili zvuk cvr\u010daka u letnje predve\u010derje trenutno transportuje desetinama godina unazad, u bezbri\u017ene dane detinjstva.<\/p>\n<p>&nbsp;<\/p>\n<h2><span class=\"ez-toc-section\" id=\"Zasto_nas_mirisi_vracaju_u_proslost\"><\/span>Za\u0161to nas mirisi vra\u0107aju u pro\u0161lost<span class=\"ez-toc-section-end\"><\/span><\/h2>\n<p>Nau\u010dna <a href=\"https:\/\/porecje-sore.si\/sr\/kako-pametno-upravljati-kucnim-budzetom-iz-meseca-u-mesec\/\">istra\u017eivanja<\/a> pokazuju da je na\u0161 olfaktorni sistem (sistem za miris) direktno povezan sa limbi\u010dkim delom mozga koji upravlja na\u0161im emocijama i pam\u0107enjem. Zbog ove jedinstvene nervne veze, mirisi mogu trenutno izazvati sna\u017ene emocionalne reakcije i vrlo \u017eive uspomene. Kada osetite miris <strong>pite sa vi\u0161njama<\/strong> koja se pe\u010de u letnjoj kuhinji va\u0161e bake, va\u0161 mozak ne registruje samo hemijske komponente tog mirisa &#8211; on vas vra\u0107a u onu letnju kuhinju iz detinjstva, sa svim prate\u0107im emocijama i detaljima.<\/p>\n<p>Nisu samo prijatni mirisi ti koji pokre\u0107u na\u0161e uspomene. Ponekad i miris bare nakon letnje ki\u0161e ili specifi\u010dan miris raspr\u0161enih sredstava <strong>kako se re\u0161iti mrava<\/strong> mo\u017ee biti okida\u010d za potpuno zaboravljene trenutke iz detinjstva. Neurolo\u0161ki gledano, na\u0161 mozak stvara sna\u017enije veze izme\u0111u mirisa i doga\u0111aja nego izme\u0111u drugih \u010dulnih stimulansa i istih tih doga\u0111aja.<\/p>\n<p>&nbsp;<\/p>\n<h2><span class=\"ez-toc-section\" id=\"Letnji_zvuci_koji_oblikuju_nasa_secanja\"><\/span>Letnji zvuci koji oblikuju na\u0161a se\u0107anja<span class=\"ez-toc-section-end\"><\/span><\/h2>\n<p>Zvuci leta imaju podjednako sna\u017enu mo\u0107 da nas vrate u detinjstvo. Cvr\u010danje cvr\u010daka, zvuk talasa koji udaraju o obalu, grmljavina letnje oluje, de\u010dija vriska na bazenima ili zvuk sladoleda koji se prodaje iz kamiona koji prolazi ulicom &#8211; sve su to zvu\u010dni zapisi koji, kada ih \u010dujemo i decenijama kasnije, mogu trenutno o\u017eiveti uspomene.<\/p>\n<p>Mnogi od nas pamte letnje ve\u010deri provedene napolju dok su roditelji razgovarali, a zvuci prirode stvarali savr\u0161enu pozadinu za de\u010dije avanture. <strong>Mirisi i zvuci leta koji nas vra\u0107aju u detinjstvo<\/strong> ne podle\u017eu promenama koje donosi moderna tehnologija. Za razliku od vizuelnih uspomena koje mogu izbledeti ili se izmeniti, zvuci i mirisi ostaju neverovatno postojani kroz vreme.<\/p>\n<figure id=\"attachment_5453\" aria-describedby=\"caption-attachment-5453\" style=\"width: 1600px\" class=\"wp-caption aligncenter\"><img loading=\"lazy\" decoding=\"async\" class=\"size-full wp-image-5453\" src=\"https:\/\/porecje-sore.si\/wp-content\/uploads\/2025\/11\/8623402.jpeg\" alt=\"pita sa vi\u0161njama\" width=\"1600\" height=\"1068\" srcset=\"https:\/\/porecje-sore.si\/wp-content\/uploads\/2025\/11\/8623402.jpeg 1600w, https:\/\/porecje-sore.si\/wp-content\/uploads\/2025\/11\/8623402-300x200.jpeg 300w, https:\/\/porecje-sore.si\/wp-content\/uploads\/2025\/11\/8623402-1024x684.jpeg 1024w, https:\/\/porecje-sore.si\/wp-content\/uploads\/2025\/11\/8623402-768x513.jpeg 768w, https:\/\/porecje-sore.si\/wp-content\/uploads\/2025\/11\/8623402-1536x1025.jpeg 1536w\" sizes=\"auto, (max-width: 1600px) 100vw, 1600px\" \/><figcaption id=\"caption-attachment-5453\" class=\"wp-caption-text\">Photo by Kampus Production<\/figcaption><\/figure>\n<p>Tokom poslednjih godina, mnogobrojna istra\u017eivanja su se bavila ovim fenomenom, pokazuju\u0107i da \u010dak i ljudi koji pate od odre\u0111enih oblika demencije mogu imati vrlo \u017eive reakcije na mirise i zvukove iz pro\u0161losti. Ovo je dovelo do razvoja senzornih terapija koje koriste poznate mirise i zvukove za pobolj\u0161anje kognitivnih funkcija i emotivnog stanja pacijenata.<\/p>\n<p>&nbsp;<\/p>\n<h2><span class=\"ez-toc-section\" id=\"Ukusi_leta_kao_vremeplovi_u_detinjstvo\"><\/span>Ukusi leta kao vremeplovi u detinjstvo<span class=\"ez-toc-section-end\"><\/span><\/h2>\n<p>Nemogu\u0107e je govoriti o letnjim senzornim do\u017eivljajima bez spominjanja ukusa koji su obele\u017eili na\u0161a letnja detinjstva. Sladoled koji se topi br\u017ee nego \u0161to ga stignemo pojesti, so\u010dne lubenice koje smo jeli na pla\u017ei dok nam se sok slivao niz bradu, hladna limunada posle igre na vrelom suncu &#8211; svi ovi ukusi su neraskidivo povezani sa na\u0161im letnjim uspomenama.<\/p>\n<p>Posebno mesto u na\u0161im se\u0107anjima zauzima doma\u0107a <strong><a href=\"https:\/\/n1info.rs\/magazin\/cooking\/brza-pita-sa-visnjama-i-grizom\/\" target=\"_blank\" rel=\"noopener\">pita sa vi\u0161njama<\/a><\/strong> koju su na\u0161e bake i mame pravile tokom leta kada su vi\u0161nje bile u sezoni. Kiselkasto-slatki ukus vi\u0161anja u kombinaciji sa hrskavim testom predstavlja letnji kulinarski do\u017eivljaj koji mnogi od nas i danas tra\u017ee, poku\u0161avaju\u0107i da rekreiramo te ukuse iz detinjstva. Iako dana\u0161nje <strong>najnovije vesti iz Srbije<\/strong> \u010desto izve\u0161tavaju o modernim prehrambenim trendovima, tradicionalni recepti i dalje imaju posebno mesto u na\u0161im srcima i se\u0107anjima.<\/p>\n<p>&nbsp;<\/p>\n<h2><span class=\"ez-toc-section\" id=\"Kako_mirisi_i_zvuci_oblikuju_nase_letnje_rituale\"><\/span>Kako mirisi i zvuci oblikuju na\u0161e letnje rituale<span class=\"ez-toc-section-end\"><\/span><\/h2>\n<p>Zanimljivo je da smo kao odrasli ljudi skloni da nesvesno kreiramo ili tra\u017eimo situacije koje \u0107e aktivirati ta \u010dulna se\u0107anja. Mnogi od nas i danas otvaraju prozore tokom letnje oluje samo da bi osetili taj specifi\u010dan miris ki\u0161e na vru\u0107em asfaltu, ili namerno hodaju preko tek poko\u0161ene trave da bi osetili taj miris koji nas tako sna\u017eno povezuje sa pro\u0161lo\u0161\u0107u.<\/p>\n<p>Moderni neurobiolozi obja\u0161njavaju da ovi <strong>mirisi i zvuci leta koji nas vra\u0107aju u detinjstvo<\/strong> nisu samo slu\u010dajni okida\u010di nostalgije, ve\u0107 imaju zna\u010dajnu ulogu u na\u0161em emotivnom razvoju i formiranju identiteta. Oni predstavljaju konstantu u svetu koji se neprestano menja. Dok se gradovi transformi\u0161u, tehnologija napreduje i <a href=\"https:\/\/n1info.rs\/\" target=\"_blank\" rel=\"noopener\"><strong>najnovije vesti iz Srbije<\/strong><\/a> svakodnevno izve\u0161tavaju o novim promenama, mirisi i zvuci ostaju iznena\u0111uju\u0107e nepromenljivi kroz generacije.<\/p>\n<figure class=\"wp-block-image size-medium_large aligncenter\"><figcaption class=\"image-attribution\">\n<figure id=\"attachment_5460\" aria-describedby=\"caption-attachment-5460\" style=\"width: 800px\" class=\"wp-caption aligncenter\"><img loading=\"lazy\" decoding=\"async\" class=\"size-full wp-image-5460\" src=\"https:\/\/porecje-sore.si\/wp-content\/uploads\/2025\/11\/13614848.jpeg\" alt=\"najnovije vesti iz Srbije\" width=\"800\" height=\"1200\" srcset=\"https:\/\/porecje-sore.si\/wp-content\/uploads\/2025\/11\/13614848.jpeg 800w, https:\/\/porecje-sore.si\/wp-content\/uploads\/2025\/11\/13614848-200x300.jpeg 200w, https:\/\/porecje-sore.si\/wp-content\/uploads\/2025\/11\/13614848-683x1024.jpeg 683w, https:\/\/porecje-sore.si\/wp-content\/uploads\/2025\/11\/13614848-768x1152.jpeg 768w\" sizes=\"auto, (max-width: 800px) 100vw, 800px\" \/><figcaption id=\"caption-attachment-5460\" class=\"wp-caption-text\">Photo by Hamidreza Salehian<\/figcaption><\/figure>\n<\/figcaption><\/figure>\n<h2><span class=\"ez-toc-section\" id=\"Letnja_borba_sa_prirodom\"><\/span>Letnja borba sa prirodom<span class=\"ez-toc-section-end\"><\/span><\/h2>\n<p>Jedna od univerzalnih letnih uspomena za mnoge od nas je i ve\u010dna borba sa insektima koji tako\u0111e u\u017eivaju u lepom vremenu. Pitanje <a href=\"https:\/\/n1info.rs\/magazin\/lifestyle\/kako-se-resiti-mrava-jednom-zauvek\/\" target=\"_blank\" rel=\"noopener\"><strong>kako se re\u0161iti mrava<\/strong><\/a> koji mar\u0161iraju prema na\u0161im letnjim poslasticama je ne\u0161to \u0161to smo prvo posmatrali kao deca, a kasnije se i sami suo\u010davali sa tim izazovom. Taj specifi\u010dan miris sredstava protiv insekata je za mnoge od nas neodvojivi deo senzornog pejza\u017ea leta.<\/p>\n<p>Danas, kada kao odrasli ljudi pripremamo svoju sopstvenu <strong>pitu sa vi\u0161njama<\/strong> i borimo se sa istim prirodnim izazovima, ti mirisi i zvuci stvaraju most izme\u0111u nas kakvi smo sada i nas kakvi smo bili. Mo\u017eda je ba\u0161 to razlog za\u0161to toliko \u010deznemo za tim senzornim do\u017eivljajima &#8211; oni nas podse\u0107aju na vreme kada je svet bio jednostavniji, a letnji dani beskrajno dugi.<\/p>\n<p>Neuropsiholo\u0161ki gledano, ovi senzorni okida\u010di imaju sposobnost da nas trenutno uvedu u stanje uma koje je sli\u010dno onome koje smo imali kao deca &#8211; bezbri\u017enije, prisutnije i otvorenije za do\u017eivljaje. U svetu gde smo konstantno bombardovani informacijama i gde <strong>najnovije vesti iz Srbije<\/strong> i sveta stalno zahtevaju na\u0161u pa\u017enju, ovi trenutci \u010dulnog povratka u detinjstvo pru\u017eaju vredan predah i ponovno povezivanje sa sobom.<\/p>\n<p>Zato slede\u0107i put kada osetite miris sve\u017ee poko\u0161ene trave, \u010dujete pesmu cvr\u010daka u sumrak ili osetite ukus prave doma\u0107e <strong>pite sa vi\u0161njama<\/strong>, zastanite na trenutak. Dopustite da vas ti <strong>mirisi i zvuci leta koji nas vra\u0107aju u detinjstvo<\/strong> zaista odvedu na to putovanje kroz vreme. To nije samo prijatna nostalgija &#8211; to je va\u017ean deo va\u0161eg emocionalnog blagostanja i povezanosti sa sopstvenom pro\u0161lo\u0161\u0107u.<\/p>\n<div id=\"ez-toc-container\" class=\"ez-toc-v2_0_82_2 counter-hierarchy ez-toc-counter ez-toc-grey ez-toc-container-direction\">\n<div class=\"ez-toc-title-container\">\n<p class=\"ez-toc-title\" style=\"cursor:inherit\">Kazalo vsebine<\/p>\n<span class=\"ez-toc-title-toggle\"><a href=\"#\" class=\"ez-toc-pull-right ez-toc-btn ez-toc-btn-xs ez-toc-btn-default ez-toc-toggle\" aria-label=\"Toggle Table of Content\"><span class=\"ez-toc-js-icon-con\"><span class=\"\"><span class=\"eztoc-hide\" style=\"display:none;\">Toggle<\/span><span class=\"ez-toc-icon-toggle-span\"><svg style=\"fill: #999;color:#999\" xmlns=\"http:\/\/www.w3.org\/2000\/svg\" class=\"list-377408\" width=\"20px\" height=\"20px\" viewBox=\"0 0 24 24\" fill=\"none\"><path d=\"M6 6H4v2h2V6zm14 0H8v2h12V6zM4 11h2v2H4v-2zm16 0H8v2h12v-2zM4 16h2v2H4v-2zm16 0H8v2h12v-2z\" fill=\"currentColor\"><\/path><\/svg><svg style=\"fill: #999;color:#999\" class=\"arrow-unsorted-368013\" xmlns=\"http:\/\/www.w3.org\/2000\/svg\" width=\"10px\" height=\"10px\" viewBox=\"0 0 24 24\" version=\"1.2\" baseProfile=\"tiny\"><path d=\"M18.2 9.3l-6.2-6.3-6.2 6.3c-.2.2-.3.4-.3.7s.1.5.3.7c.2.2.4.3.7.3h11c.3 0 .5-.1.7-.3.2-.2.3-.5.3-.7s-.1-.5-.3-.7zM5.8 14.7l6.2 6.3 6.2-6.3c.2-.2.3-.5.3-.7s-.1-.5-.3-.7c-.2-.2-.4-.3-.7-.3h-11c-.3 0-.5.1-.7.3-.2.2-.3.5-.3.7s.1.5.3.7z\"\/><\/svg><\/span><\/span><\/span><\/a><\/span><\/div>\n<nav><ul class='ez-toc-list ez-toc-list-level-1 ' ><li class='ez-toc-page-1 ez-toc-heading-level-2'><a class=\"ez-toc-link ez-toc-heading-1\" href=\"https:\/\/porecje-sore.si\/sr\/mirisi-i-zvuci-leta-koji-nas-vracaju-u-detinjstvo\/#Zasto_nas_mirisi_vracaju_u_proslost\" >Za\u0161to nas mirisi vra\u0107aju u pro\u0161lost<\/a><\/li><li class='ez-toc-page-1 ez-toc-heading-level-2'><a class=\"ez-toc-link ez-toc-heading-2\" href=\"https:\/\/porecje-sore.si\/sr\/mirisi-i-zvuci-leta-koji-nas-vracaju-u-detinjstvo\/#Letnji_zvuci_koji_oblikuju_nasa_secanja\" >Letnji zvuci koji oblikuju na\u0161a se\u0107anja<\/a><\/li><li class='ez-toc-page-1 ez-toc-heading-level-2'><a class=\"ez-toc-link ez-toc-heading-3\" href=\"https:\/\/porecje-sore.si\/sr\/mirisi-i-zvuci-leta-koji-nas-vracaju-u-detinjstvo\/#Ukusi_leta_kao_vremeplovi_u_detinjstvo\" >Ukusi leta kao vremeplovi u detinjstvo<\/a><\/li><li class='ez-toc-page-1 ez-toc-heading-level-2'><a class=\"ez-toc-link ez-toc-heading-4\" href=\"https:\/\/porecje-sore.si\/sr\/mirisi-i-zvuci-leta-koji-nas-vracaju-u-detinjstvo\/#Kako_mirisi_i_zvuci_oblikuju_nase_letnje_rituale\" >Kako mirisi i zvuci oblikuju na\u0161e letnje rituale<\/a><\/li><li class='ez-toc-page-1 ez-toc-heading-level-2'><a class=\"ez-toc-link ez-toc-heading-5\" href=\"https:\/\/porecje-sore.si\/sr\/mirisi-i-zvuci-leta-koji-nas-vracaju-u-detinjstvo\/#Letnja_borba_sa_prirodom\" >Letnja borba sa prirodom<\/a><\/li><\/ul><\/nav><\/div>\n","protected":false},"excerpt":{"rendered":"<p>Kada do\u0111e leto, priroda se budi i o\u017eivljava na\u0161a \u010dula na poseban na\u010din. Mirisi i zvuci leta koji nas vra\u0107aju<\/p>\n","protected":false},"author":2,"featured_media":5446,"comment_status":"closed","ping_status":"open","sticky":false,"template":"","format":"standard","meta":{"colormag_page_layout":"default_layout","footnotes":""},"categories":[136],"tags":[294,292,295,293],"class_list":["post-5397","post","type-post","status-publish","format-standard","has-post-thumbnail","hentry","category-zabava-sr","tag-kako-se-resiti-mrava","tag-mirisi-i-zvuci-leta-koji-nas-vracaju-u-detinjstvo","tag-najnovije-vesti-iz-srbije","tag-pita-sa-visnjama"],"jetpack_featured_media_url":"https:\/\/porecje-sore.si\/wp-content\/uploads\/2025\/11\/3027577.jpeg","_links":{"self":[{"href":"https:\/\/porecje-sore.si\/sr\/wp-json\/wp\/v2\/posts\/5397","targetHints":{"allow":["GET"]}}],"collection":[{"href":"https:\/\/porecje-sore.si\/sr\/wp-json\/wp\/v2\/posts"}],"about":[{"href":"https:\/\/porecje-sore.si\/sr\/wp-json\/wp\/v2\/types\/post"}],"author":[{"embeddable":true,"href":"https:\/\/porecje-sore.si\/sr\/wp-json\/wp\/v2\/users\/2"}],"replies":[{"embeddable":true,"href":"https:\/\/porecje-sore.si\/sr\/wp-json\/wp\/v2\/comments?post=5397"}],"version-history":[{"count":4,"href":"https:\/\/porecje-sore.si\/sr\/wp-json\/wp\/v2\/posts\/5397\/revisions"}],"predecessor-version":[{"id":5468,"href":"https:\/\/porecje-sore.si\/sr\/wp-json\/wp\/v2\/posts\/5397\/revisions\/5468"}],"wp:featuredmedia":[{"embeddable":true,"href":"https:\/\/porecje-sore.si\/sr\/wp-json\/wp\/v2\/media\/5446"}],"wp:attachment":[{"href":"https:\/\/porecje-sore.si\/sr\/wp-json\/wp\/v2\/media?parent=5397"}],"wp:term":[{"taxonomy":"category","embeddable":true,"href":"https:\/\/porecje-sore.si\/sr\/wp-json\/wp\/v2\/categories?post=5397"},{"taxonomy":"post_tag","embeddable":true,"href":"https:\/\/porecje-sore.si\/sr\/wp-json\/wp\/v2\/tags?post=5397"}],"curies":[{"name":"wp","href":"https:\/\/api.w.org\/{rel}","templated":true}]}}